{"provider_url": "https://acervo.praiagrande.sp.leg.br", "title": "22\u00b0 SESS\u00c3O ORDIN\u00c1RIA ", "html": "<p>Na tarde de hoje (01/08), foi realizada a 22\u00aa Sess\u00e3o Ordin\u00e1ria da 3\u00aa Sess\u00e3o Legislativa da 13\u00aa Legislatura da C\u00e2mara Municipal de Praia Grande. Na Ordem do Dia, foi aprovada 1 (uma) propositura em primeira discuss\u00e3o, sendo ela:<br />- Projeto de Lei n\u00ba 44 de 2023, de autoria da vereadora Vera Lucia Figueiredo Benicio, que disp\u00f5e sobre o direito da crian\u00e7a com transtorno do espectro autista \u2013 TEA \u2013 poder levar seu pr\u00f3prio alimento para a escola p\u00fablica ou privada no Munic\u00edpio de Praia Grande e d\u00e1 outras provid\u00eancias.<br />O projeto aprovado em primeira discuss\u00e3o volta ao plen\u00e1rio na sess\u00e3o seguinte para segunda e final discuss\u00e3o. Ap\u00f3s isso, ser\u00e1 encaminhado para a san\u00e7\u00e3o do Executivo.<br />As Sess\u00f5es Ordin\u00e1rias s\u00e3o realizadas todas as ter\u00e7as-feiras, \u00e0s 14h, no Plen\u00e1rio da C\u00e2mara Municipal de Praia Grande e transmitidas ao vivo na P\u00e1gina Oficial da C\u00e2mara no Facebook (http://www.facebook.com/camarapg), no YouTube, TV Unisantos (canal fechado 12 e canal aberto 40.1) e R\u00e1dio P\u00e9rola FM 104,9.</p>\r\n<p><a class=\"external-link\" href=\"https://www.praiagrande.sp.leg.br/institucional/fotos/22deg-sessao-ordinaria-1/\" target=\"_self\" title=\"https://www.praiagrande.sp.leg.br/institucional/fotos/22deg-sessao-ordinaria-1/\">Clique aqui para mais fotos</a></p>", "author_name": "", "version": "1.0", "author_url": "https://acervo.praiagrande.sp.leg.br/author/lais", "provider_name": "C\u00e2mara Municipal da Est\u00e2ncia Balne\u00e1ria de Praia Grande", "type": "rich"}