{"provider_url": "https://acervo.praiagrande.sp.leg.br", "title": "20\u00aa SESS\u00c3O ORDIN\u00c1RIA", "html": "<p>Foi realizada, na tarde de hoje (20/06), a 20\u00aa Sess\u00e3o Ordin\u00e1ria da 3\u00aa Sess\u00e3o Legislativa da 13\u00aa Legislatura da C\u00e2mara Municipal de Praia Grande. Na Ordem do Dia, foi aprovada 1 (uma) propositura, em primeira discuss\u00e3o:</p>\r\n<p>- Projeto de Lei n\u00ba 104 de 2023, de autoria do vereador Marcelino Santos Gomes, que declara de utilidade p\u00fablica o Instituto Almas Azuis Igor Ven\u00e2ncio e d\u00e1 outras provid\u00eancias.</p>\r\n<p>As Sess\u00f5es Ordin\u00e1rias s\u00e3o realizadas todas as ter\u00e7as-feiras, \u00e0s 14h, no Plen\u00e1rio da C\u00e2mara Municipal de Praia Grande e transmitidas ao vivo na P\u00e1gina Oficial da C\u00e2mara no Facebook (http://www.facebook.com/camarapg), no YouTube e TV Unisantos (canal fechado 12 e canal aberto 40.1).</p>\r\n<p><b>Lideran\u00e7as do Governo. </b>A 20\u00aa Sess\u00e3o Ordin\u00e1ria foi a primeira em que atuaram, respectivamente, como L\u00edder e Vice-L\u00edder do Governo na Casa, os vereadores Betinho Andrade e Vera Ben\u00edcio.</p>\r\n<p><b>C\u00e2mara no r\u00e1dio.</b> Durante seu pronunciamento, o presidente da C\u00e2mara, Marco Antonio Sousa, o Marquinho, anunciou que a Sess\u00e3o Ordin\u00e1ria de hoje foi a primeira transmitida oficialmente por r\u00e1dio, a P\u00e9rola FM/104.9. Segundo Marquinho, \u00e9 uma nova ferramenta para os mun\u00edcipes acompanharem os trabalhos do Legislativo.</p>\r\n<p>A vice-presidente Vera Ben\u00edcio ressaltou que a nova plataforma importar\u00e1 em mais transpar\u00eancia para os trabalhos da C\u00e2mara Municipal de Praia Grande.</p>\r\n<p>\u00a0</p>\r\n<p><a title=\"https://www.praiagrande.sp.leg.br/institucional/fotos/20a-sessao-ordinaria/\" href=\"https://acervo.praiagrande.sp.leg.br/institucional/fotos/20a-sessao-ordinaria/\" class=\"external-link\" target=\"_self\">Clique aqui para mais fotos</a></p>", "author_name": "", "version": "1.0", "author_url": "https://acervo.praiagrande.sp.leg.br/author/artur", "provider_name": "C\u00e2mara Municipal da Est\u00e2ncia Balne\u00e1ria de Praia Grande", "type": "rich"}