{"provider_url": "https://acervo.praiagrande.sp.leg.br", "title": "1\u00b0 Sess\u00e3o Ordin\u00e1ria do ano de 2021", "html": "<p>A primeira Sess\u00e3o Ordin\u00e1ria do ano de 2.021 ocorreu na manh\u00e3 de hoje (02 de fevereiro). O Plen\u00e1rio contou com a presen\u00e7a da Prefeita Raquel Chini e do Vice-Prefeito Ednaldo dos Santos Passos, o Reco, que prestigiaram \u00e0 nova Mesa Diretora, composta pelo presidente Marco Ant\u00f4nio de Sousa, Vice-Presidente R\u00f4mulo Brasil Rebou\u00e7as, 1\u00b0 Secret\u00e1rio Marcelino dos Santos Gomes e o 2\u00b0 Secret\u00e1rio Natanael Vieira de Oliveira.</p>\r\n<p>\u00a0<span>Na Mat\u00e9ria do Expediente, foi mencionado o </span><a href=\"https://sapl.praiagrande.sp.leg.br/materia/8273\">Projeto de Lei Complementar n\u00ba 1 de 2021</a><span>, de autoria do Executivo, que Prorroga o Programa de Benef\u00edcios Tempor\u00e1rios \u2013 PBT para a categoria de Transportadores Escolares em raz\u00e3o da Pandemia do Coronav\u00edrus, e d\u00e1 outras provid\u00eancias. O Projeto ser\u00e1 discutido amanh\u00e3, \u00e0s 10 horas, na 1\u00b0 Sess\u00e3o Extraordin\u00e1ria.</span></p>\r\n<p>\u00a0<span>Sendo a primeira reuni\u00e3o do ano, n\u00e3o houve projetos \u00e0 serem votados.</span></p>\r\n<p>Os Vereadores apresentaram seus trabalhos, indica\u00e7\u00f5es e requerimentos.</p>\r\n<p>\u00a0<span>As Sess\u00f5es ocorrem todas as ter\u00e7as-feiras, \u00e0 partir das 10 horas, e podem ser assistidas ao vivo na P\u00e1gina Oficial da C\u00e2mara no Facebook, (</span><a href=\"http://www.facebook.com/camarapg\">http://www.facebook.com/camarapg</a><span>).</span></p>\r\n<p><span><a class=\"external-link\" href=\"https://www.praiagrande.sp.leg.br/institucional/fotos/1deg-sessao-ordinaria-do-ano-de-2021/\" target=\"_self\" title=\"https://www.praiagrande.sp.leg.br/institucional/fotos/1deg-sessao-ordinaria-do-ano-de-2021/\">Clique aqui para mais fotos da Sess\u00e3o</a></span></p>\r\n<p>\u00a0</p>\r\n<p>\u00a0\u00a0\u00a0\u00a0\u00a0\u00a0\u00a0\u00a0\u00a0\u00a0\u00a0\u00a0\u00a0\u00a0\u00a0\u00a0\u00a0\u00a0\u00a0\u00a0\u00a0\u00a0\u00a0\u00a0\u00a0\u00a0\u00a0\u00a0\u00a0\u00a0\u00a0\u00a0\u00a0\u00a0\u00a0\u00a0\u00a0\u00a0\u00a0\u00a0\u00a0\u00a0\u00a0\u00a0\u00a0\u00a0\u00a0\u00a0\u00a0\u00a0\u00a0\u00a0\u00a0\u00a0\u00a0\u00a0\u00a0\u00a0\u00a0\u00a0\u00a0\u00a0\u00a0\u00a0\u00a0\u00a0\u00a0\u00a0\u00a0\u00a0\u00a0\u00a0\u00a0\u00a0\u00a0\u00a0\u00a0\u00a0\u00a0\u00a0\u00a0\u00a0\u00a0\u00a0\u00a0\u00a0\u00a0\u00a0\u00a0\u00a0\u00a0\u00a0\u00a0\u00a0\u00a0\u00a0\u00a0\u00a0\u00a0\u00a0\u00a0\u00a0\u00a0\u00a0\u00a0\u00a0\u00a0\u00a0\u00a0\u00a0\u00a0\u00a0\u00a0\u00a0\u00a0\u00a0\u00a0\u00a0\u00a0\u00a0\u00a0\u00a0\u00a0\u00a0\u00a0\u00a0\u00a0\u00a0\u00a0\u00a0\u00a0\u00a0\u00a0\u00a0\u00a0\u00a0\u00a0\u00a0\u00a0\u00a0\u00a0\u00a0\u00a0\u00a0</p>\r\n<p>\u00a0</p>", "author_name": "", "version": "1.0", "author_url": "https://acervo.praiagrande.sp.leg.br/author/lais", "provider_name": "C\u00e2mara Municipal da Est\u00e2ncia Balne\u00e1ria de Praia Grande", "type": "rich"}