{"provider_url": "https://acervo.praiagrande.sp.leg.br", "title": "1\u00b0 Sess\u00e3o Ordin\u00e1ria do ano de 2020", "html": "<p>\u00a0</p>\r\n<p>Ocorreu na data de hoje (04 de fevereiro) a primeira Sess\u00e3o Ordin\u00e1ria do ano de 2020.</p>\r\n<p>Sendo a primeira reuni\u00e3o do ano, n\u00e3o houve projetos \u00e0 serem votados.</p>\r\n<p>Na Mat\u00e9ria do Expediente, foi mencionado o <a href=\"https://sapl.praiagrande.sp.leg.br/materia/4792\">Veto Total n\u00ba 9 de 2019</a> de autoria do Executivo, que ser\u00e1 discutida nas pr\u00f3ximas Sess\u00f5es.</p>\r\n<p>Os Vereadores apresentaram seus trabalhos, indica\u00e7\u00f5es e requerimentos no Plen\u00e1rio desta manh\u00e3.</p>\r\n<p>As Sess\u00f5es ocorrem todas as ter\u00e7as-feiras, \u00e0 partir das 10 horas, e podem ser assistidas ao vivo na P\u00e1gina Oficial da C\u00e2mara no Facebook, (<a href=\"http://www.facebook.com/camarapg\">http://www.facebook.com/camarapg</a>).</p>\r\n<p><a class=\"external-link\" href=\"https://www.praiagrande.sp.leg.br/institucional/fotos/1deg-sessao-ordinaria-do-ano-de-2020/\" target=\"_self\" title=\"https://www.praiagrande.sp.leg.br/institucional/fotos/1deg-sessao-ordinaria-do-ano-de-2020/\">Clique aqui para mais fotos da Sess\u00e3o\u00a0</a></p>", "author_name": "", "version": "1.0", "author_url": "https://acervo.praiagrande.sp.leg.br/author/lais", "provider_name": "C\u00e2mara Municipal da Est\u00e2ncia Balne\u00e1ria de Praia Grande", "type": "rich"}