{"provider_url": "https://acervo.praiagrande.sp.leg.br", "title": "1\u00aa SESS\u00c3O DO PARLAMENTO JOVEM 2023", "html": "<p>Ser\u00e1 realizada, na tarde de amanh\u00e3 (14/06), a 1\u00aa Sess\u00e3o Legislativa da 2\u00aa Legislatura do Parlamento Jovem da C\u00e2mara Municipal de Praia Grande. O evento ter\u00e1 in\u00edcio \u00e0s 14h e ser\u00e1 aberto ao p\u00fablico. A C\u00e2mara de Praia Grande fica na Pra\u00e7a Vereador Vital Muniz, 01 \u2013 Boqueir\u00e3o.</p>\r\n<p>Tamb\u00e9m haver\u00e1 transmiss\u00e3o ao vivo pela P\u00e1gina Oficial da C\u00e2mara no Facebook (http://www.facebook.com/camarapg), pelo YouTube e TV Unisantos (canal fechado 12 e canal aberto 40.1).</p>\r\n<p>O Parlamento Jovem \u00e9 uma iniciativa da C\u00e2mara de Praia Grande que tem como objetivo promover a integra\u00e7\u00e3o do Poder Legislativo com estudantes do ensino m\u00e9dio e fundamental II, contribuindo para a forma\u00e7\u00e3o de sua cidadania e compreens\u00e3o dos aspectos pol\u00edticos da sociedade.</p>", "author_name": "", "version": "1.0", "author_url": "https://acervo.praiagrande.sp.leg.br/author/artur", "provider_name": "C\u00e2mara Municipal da Est\u00e2ncia Balne\u00e1ria de Praia Grande", "type": "rich"}