{"provider_url": "https://acervo.praiagrande.sp.leg.br", "title": "19\u00b0 SESS\u00c3O ORDIN\u00c1RIA", "html": "<p>Ocorreu na tarde de hoje (07 de junho), a reuni\u00e3o semanal da C\u00e2mara Municipal de Praia Grande, que contou em sua pauta da Ordem do Dia com 4 (quatro) proposituras para a aprecia\u00e7\u00e3o e vota\u00e7\u00e3o dos Vereadores em Plen\u00e1rio, sendo todas de primeira discuss\u00e3o.</p>\r\n<p>O Suplente do Partido PSD, Augusto dos Santos Neto, tomou posse do cargo de Parlamentar, substituindo o Vereador Francisco de Ara\u00fajo J\u00fanior por 30 dias.</p>\r\n<p>Os projetos aprovados em primeira discuss\u00e3o foram:</p>\r\n<p>Projeto de Lei n\u00ba 93 de 2022, de autoria do Vereador Natanael Vieira de Oliveira, que Institui no calend\u00e1rio oficial da Est\u00e2ncia Balnearia de Praia Grande o \"Dia da Caminhada Contra a Pedofilia\".</p>\r\n<p>Projeto de Lei n\u00ba 59 de 2022, de autoria da Vereadora Michele Correia Quintas dos Santos, que Institui na cidade de Praia Grande a Semana Municipal de Conscientiza\u00e7\u00e3o sobre a Escoliose Idiop\u00e1tica do Adolescente.</p>\r\n<p>Projeto de Lei n\u00ba 118 de 2022, de autoria do Executivo Municipal, que disp\u00f5e sobre autoriza\u00e7\u00e3o para abertura de Cr\u00e9dito Adicional Suplementar e Especial, e a utiliza\u00e7\u00e3o dos Institutos Constitucionais da Transposi\u00e7\u00e3o e Transfer\u00eancia de dota\u00e7\u00f5es or\u00e7ament\u00e1rias no Or\u00e7amento vigente.</p>\r\n<p>Projeto de Resolu\u00e7\u00e3o n\u00ba 12 de 2022, de autoria da Mesa Diretora, que altera disposi\u00e7\u00f5es da Resolu\u00e7\u00e3o n\u00ba 11 de 14 de dezembro de 2021.</p>\r\n<p>Na sequ\u00eancia ocorreu a 10\u00aa Sess\u00e3o Extraordin\u00e1ria, para a vota\u00e7\u00e3o dos projetos acima, sendo todos aprovados em segunda discuss\u00e3o.</p>\r\n<p><a class=\"external-link\" href=\"https://www.praiagrande.sp.leg.br/institucional/fotos/19deg-sessao-ordinaria-1/\" target=\"_self\" title=\"https://www.praiagrande.sp.leg.br/institucional/fotos/19deg-sessao-ordinaria-1/\">Clique aqui para mais fotos</a></p>", "author_name": "", "version": "1.0", "author_url": "https://acervo.praiagrande.sp.leg.br/author/lais", "provider_name": "C\u00e2mara Municipal da Est\u00e2ncia Balne\u00e1ria de Praia Grande", "type": "rich"}