{"provider_url": "https://acervo.praiagrande.sp.leg.br", "title": "16\u00b0 Sess\u00e3o P\u00fablica  ", "html": "<p><span>Nesta ter\u00e7a-feira (18), os vereadores da 13\u00aa Legislatura da C\u00e2mara Municipal da Est\u00e2ncia Balne\u00e1ria de Praia Grande apreciaram e aprovaram quatro projetos de leis, sendo todos eles em primeira discuss\u00e3o.</span></p>\r\n<p><span>Os Projetos aprovados em primeira discuss\u00e3o foram: </span></p>\r\n<p><span><a href=\"https://sapl.praiagrande.sp.leg.br/materia/9630\"><span>Projeto de Lei n\u00ba 40 de 2021</span></a>, de autoria do Vereador Emerson Camargo dos Santos, que disp\u00f5e sobre a obrigatoriedade das Unidades de Sa\u00fade do Munic\u00edpio fixarem Painel Digital informando a escala de m\u00e9dicos e as suas respectivas especialidades.</span></p>\r\n<p><span><a href=\"https://sapl.praiagrande.sp.leg.br/materia/9778\"><span>Projeto de Lei n\u00ba 45 de 2021</span></a>, tamb\u00e9m de autoria do Vereador Emerson Camargo dos Santos, que disp\u00f5e sobre a cria\u00e7\u00e3o de vagas de estacionamento para Pessoa com Transtorno do Espectro Autista no Munic\u00edpio.</span></p>\r\n<p><span><a href=\"https://sapl.praiagrande.sp.leg.br/materia/10028\"><span>Projeto de Lei n\u00ba 62 de 2021</span></a>, de autoria do L\u00edder do Governo, Vereador Hugulino Alves Ribeiro, que institui e inclui no Calend\u00e1rio Oficial Municipal de Praia Grande o dia do Livro Praiagrandense.</span></p>\r\n<p><span><a href=\"https://sapl.praiagrande.sp.leg.br/materia/10028\"><span>Projeto de Lei n\u00ba 47 de 2021</span></a>, de autoria do Vereador Marcos Rog\u00e9rio C\u00e2mara, que institui na Est\u00e2ncia Balne\u00e1ria de Praia Grande, A \u201cSEMANA DE CONSCIENTIZA\u00c7\u00c3O SOBRE O TRANSTORNO DO ASPECTRO AUTISTA\u201d.</span></p>\r\n<p><span>Os projetos aprovados em primeira discuss\u00e3o voltar\u00e3o ao plen\u00e1rio na pr\u00f3xima sess\u00e3o, para segunda e final discuss\u00e3o, e ap\u00f3s isso, ser\u00e3o encaminhados para a san\u00e7\u00e3o do Executivo.</span></p>\r\n<p><span>As Sess\u00f5es ocorrem todas as ter\u00e7as-feiras, \u00e0 partir das 10 horas, e podem ser assistidas ao vivo na P\u00e1gina Oficial da C\u00e2mara no Facebook, (<a href=\"http://www.facebook.com/camarapg\"><span>http://www.facebook.com/camarapg</span></a>).</span></p>\r\n<p><a class=\"external-link\" href=\"https://www.praiagrande.sp.leg.br/institucional/fotos/16deg-sessao-publica/\" target=\"_self\" title=\"https://www.praiagrande.sp.leg.br/institucional/fotos/16deg-sessao-publica/\">Clique aqui para mais fotos da Sess\u00e3o\u00a0</a></p>", "author_name": "", "version": "1.0", "author_url": "https://acervo.praiagrande.sp.leg.br/author/lais", "provider_name": "C\u00e2mara Municipal da Est\u00e2ncia Balne\u00e1ria de Praia Grande", "type": "rich"}