{"provider_url": "https://acervo.praiagrande.sp.leg.br", "title": "16\u00aa SESS\u00c3O ORDIN\u00c1RIA", "html": "<p>Foi realizada hoje (21/05), a 16\u00aa Sess\u00e3o Ordin\u00e1ria da 4\u00aa Sess\u00e3o Legislativa da 14\u00aa Legislatura do ano de 2024 da C\u00e2mara Municipal de Praia Grande. Na Ordem do Dia, foram aprovadas 2 (duas) proposituras em discuss\u00e3o \u00fanica:</p>\r\n<p>- Veto Parcial n\u00ba 1 de 2024, de autoria do Executivo Municipal: Veto Parcial ao par\u00e1grafo 2\u00ba do artigo 3\u00ba e o artigo 6\u00ba do Aut\u00f3grafo de Lei n\u00ba 09/2024, relativo ao Projeto de Lei n\u00ba 03/2024, de autoria do Excelent\u00edssimo Vereador Marcos Rog\u00e9rio C\u00e2mara, que disp\u00f5e sobre a \"Instala\u00e7\u00e3o de salas de regula\u00e7\u00e3o sensorial voltada ao p\u00fablico autista no munic\u00edpio de Praia Grande\";</p>\r\n<p>- Requerimento n\u00ba 170 de 2024, de autoria do vereador Marcos Jab\u00e1: Requer \u00e0 Mesa Diretora desta Casa, ouvindo o Colendo Plen\u00e1rio e satisfeitas todas as formalidades regimentais, que seja enviado of\u00edcio \u00e0 Excelent\u00edssima Senhora Prefeita Raquel Auxiliadora Chini, para que verifique junto aos setores competentes e responda aos seguintes questionamentos sobre pr\u00e9dios p\u00fablicos alugados.</p>\r\n<p>Foi rejeitado:</p>\r\n<p>- Requerimento n\u00ba 169 de 2024, de autoria do vereador Marcos Jab\u00e1: Requer \u00e0 Mesa Diretora desta Casa, ouvindo o Colendo Plen\u00e1rio e satisfeitas as formalidades regimentais, que seja enviado of\u00edcio \u00e0 Excelent\u00edssima Senhora Prefeita Raquel Auxiliadora Chini, os pedidos de esclarecimento e de convoca\u00e7\u00e3o de secret\u00e1rios.</p>\r\n<p>As Sess\u00f5es Ordin\u00e1rias da C\u00e2mara de Praia Grande s\u00e3o realizadas \u00e0s ter\u00e7as-feiras, a partir das 10h, no Plen\u00e1rio da C\u00e2mara Municipal, e s\u00e3o transmitidas ao vivo na P\u00e1gina Oficial da C\u00e2mara no Facebook (http://www.facebook.com/camarapg), no YouTube, pela TV Unisantos (canal fechado 12 e canal aberto 40.1) e pela R\u00e1dio P\u00e9rola FM 104,9.</p>\r\n<p><a class=\"external-link\" href=\"https://www.praiagrande.sp.leg.br/institucional/fotos/16a-sessao/\" target=\"_self\" title=\"https://www.praiagrande.sp.leg.br/institucional/fotos/16a-sessao/\">Clique aqui para mais fotos</a></p>", "author_name": "", "version": "1.0", "author_url": "https://acervo.praiagrande.sp.leg.br/author/artur", "provider_name": "C\u00e2mara Municipal da Est\u00e2ncia Balne\u00e1ria de Praia Grande", "type": "rich"}