{"provider_url": "https://acervo.praiagrande.sp.leg.br", "title": "15\u00aa SESS\u00c3O ORDIN\u00c1RIA ", "html": "<p>Foi realizada na tarde de hoje (16/05), a 15\u00aa Sess\u00e3o Ordin\u00e1ria do ano de 2023 da C\u00e2mara Municipal de Praia Grande. Na Ordem do Dia, foram aprovadas 4 (quatro) proposituras, sendo 2 (duas) em discuss\u00e3o \u00fanica e 2 (duas) em primeira discuss\u00e3o.</p>\r\n<p>Em discuss\u00e3o \u00fanica, foram aprovados:</p>\r\n<p>- Mo\u00e7\u00e3o n\u00ba 34 de 2023, de autoria da vereadora Michele Correia Quintas dos Santos: Mo\u00e7\u00e3o de Aplausos ao Servi\u00e7o de Atendimento M\u00f3vel de Urg\u00eancia (SAMU), mais precisamente aos funcion\u00e1rios que atuam no Munic\u00edpio;</p>\r\n<p>- Projeto de Decreto Legislativo n\u00ba 11 de 2023, de autoria do vereador Carlos Eduardo Barbosa, que altera e acresce dispositivos ao Decreto Legislativo n\u00ba 9, de 20 de agosto de 2019, que \"Disp\u00f5e sobre a proibi\u00e7\u00e3o do uso de copos pl\u00e1sticos descart\u00e1veis na C\u00e2mara Municipal de Praia Grande e d\u00e1 outras provid\u00eancias\".</p>\r\n<p>Em primeira discuss\u00e3o, foram aprovados:</p>\r\n<p>- Projeto de Lei n\u00ba 46 de 2023, de autoria da vereadora Renata Zabeu Luz, que institui e inclui no Calend\u00e1rio Oficial do Munic\u00edpio de Praia Grande, a Semana da Conscientiza\u00e7\u00e3o sobre a S\u00edndrome de Down, e d\u00e1 outras provid\u00eancias;</p>\r\n<p>- Projeto de Lei n\u00ba 47 de 2023, de autoria da vereadora Renata Zabeu Luz, que institui e inclui no Calend\u00e1rio Oficial do Munic\u00edpio de Praia Grande a T21-Caminhada da Conscientiza\u00e7\u00e3o sobre a S\u00edndrome de Down, e d\u00e1 outras provid\u00eancias.</p>\r\n<p>Os projetos aprovados em primeira discuss\u00e3o voltam ao plen\u00e1rio na sess\u00e3o seguinte para segunda e final discuss\u00e3o. Ap\u00f3s isso, s\u00e3o encaminhados para a san\u00e7\u00e3o do Executivo.</p>\r\n<p>As Sess\u00f5es Ordin\u00e1rias s\u00e3o realizadas todas as ter\u00e7as-feiras, \u00e0s 14h, no Plen\u00e1rio da C\u00e2mara Municipal de Praia Grande e transmitidas ao vivo na P\u00e1gina Oficial da C\u00e2mara no Facebook (http://www.facebook.com/camarapg), no YouTube e TV Unisantos (canal fechado 12 e canal aberto 40.1).</p>\r\n<p>Homenagem. Durante a 15\u00aa Sess\u00e3o Ordin\u00e1ria, o presidente Marco Antonio de Sousa, o Marquinho, em nome dos vereadores da Casa, condecorou, com a Medalha Jos\u00e9 Adriano da Seguran\u00e7a P\u00fablica, o cabo PM Cristiano Assis de Souza, pelos relevantes servi\u00e7os prestados ao munic\u00edpio e ao seu povo.</p>\r\n<p><a title=\"https://www.praiagrande.sp.leg.br/institucional/fotos/15deg-sessao-ordinaria-1/\" href=\"https://acervo.praiagrande.sp.leg.br/institucional/fotos/15deg-sessao-ordinaria-1/\" class=\"external-link\" target=\"_self\">Clique aqui para mais fotos</a></p>", "author_name": "", "version": "1.0", "author_url": "https://acervo.praiagrande.sp.leg.br/author/lais", "provider_name": "C\u00e2mara Municipal da Est\u00e2ncia Balne\u00e1ria de Praia Grande", "type": "rich"}