{"provider_url": "https://acervo.praiagrande.sp.leg.br", "title": "15\u00aa Sess\u00e3o Ordin\u00e1ria ", "html": "<p><span>Foi realizado na data de hoje (12 de maio) a reuni\u00e3o semanal da C\u00e2mara Municipal de Praia Grande.</span></p>\r\n<div class=\"o9v6fnle cxmmr5t8 oygrvhab hcukyx3x c1et5uql ii04i59q\">\r\n<div dir=\"auto\">A reuni\u00e3o n\u00e3o teve Ordem do Dia.</div>\r\n<div dir=\"auto\"></div>\r\n</div>\r\n<div class=\"o9v6fnle cxmmr5t8 oygrvhab hcukyx3x c1et5uql ii04i59q\">\r\n<div dir=\"auto\">As Sess\u00f5es ocorrem todas as ter\u00e7as-feiras, \u00e0 partir das 10 horas, e podem ser assistidas ao vivo na P\u00e1gina Oficial da C\u00e2mara no Facebook,\u00a0\r\n<div class=\"nc684nl6\"><span>http://www.facebook.com/camarapg</span></div>\r\n</div>\r\n</div>\r\n<p>\u00a0</p>\r\n<p><a title=\"https://www.praiagrande.sp.leg.br/institucional/fotos/15a-sessao-ordinaria\" href=\"https://acervo.praiagrande.sp.leg.br/institucional/fotos/15a-sessao-ordinaria\" class=\"external-link\" target=\"_self\">Clique aqui para mais fotos da Sess\u00e3o\u00a0</a></p>", "author_name": "", "version": "1.0", "author_url": "https://acervo.praiagrande.sp.leg.br/author/lais", "provider_name": "C\u00e2mara Municipal da Est\u00e2ncia Balne\u00e1ria de Praia Grande", "type": "rich"}