{"provider_url": "https://acervo.praiagrande.sp.leg.br", "title": "15\u00aa e 16\u00aa SESS\u00d5ES EXTRAORDIN\u00c1RIAS", "html": "<p>Foi realizada na manh\u00e3 de hoje (09/11), a 15\u00aa Sess\u00e3o Extraordin\u00e1ria do ano de 2023 da C\u00e2mara Municipal de Praia Grande. Na Ordem do Dia, foram aprovadas 2 (duas) proposituras, sendo 1 (uma) em segunda discuss\u00e3o e 1 (uma) em primeira discuss\u00e3o.</p>\r\n<p>Em segunda discuss\u00e3o, foi aprovado:</p>\r\n<p>- Projeto de Lei Complementar n\u00ba 28 de 2023, de autoria do Executivo Municipal, que reabre o prazo para obten\u00e7\u00e3o de autoriza\u00e7\u00e3o para o exerc\u00edcio da atividade de ambulante no ano de 2023.</p>\r\n<p>Em primeira discuss\u00e3o, foi aprovado:</p>\r\n<p>- Projeto de Lei n\u00ba 205 de 2023, de autoria do Executivo Municipal, que disp\u00f5e sobre autoriza\u00e7\u00e3o para abertura de Cr\u00e9dito Adicional Suplementar e Especial, e a utiliza\u00e7\u00e3o dos institutos constitucionais da Transposi\u00e7\u00e3o e Transfer\u00eancia de dota\u00e7\u00f5es or\u00e7ament\u00e1rias no or\u00e7amento vigente.</p>\r\n<p>Na sequ\u00eancia, foi realizada a 16\u00aa Sess\u00e3o Extraordin\u00e1ria do ano de 2023, para vota\u00e7\u00e3o, em segunda discuss\u00e3o, do projeto aprovado anteriormente em primeira discuss\u00e3o.</p>\r\n<p>As Sess\u00f5es da C\u00e2mara de Praia Grande s\u00e3o abertas \u00e0 presen\u00e7a do p\u00fablico e t\u00eam transmiss\u00e3o ao vivo pela P\u00e1gina Oficial da C\u00e2mara no Facebook (http://www.facebook.com/camarapg), pelo YouTube, pela TV Unisantos (canal fechado 12 e canal aberto 40.1) e pela R\u00e1dio P\u00e9rola FM 104,9.</p>\r\n<p>A C\u00e2mara Municipal de Praia Grande fica na Pra\u00e7a Vereador Vital Muniz, 01 \u2013 Boqueir\u00e3o.</p>\r\n<p><a class=\"external-link\" href=\"https://www.praiagrande.sp.leg.br/institucional/fotos/15a-e-16a-sessoes-extraordinarias/\" target=\"_self\" title=\"https://www.praiagrande.sp.leg.br/institucional/fotos/15a-e-16a-sessoes-extraordinarias/\">Clique aqui para mais fotos</a></p>", "author_name": "", "version": "1.0", "author_url": "https://acervo.praiagrande.sp.leg.br/author/artur", "provider_name": "C\u00e2mara Municipal da Est\u00e2ncia Balne\u00e1ria de Praia Grande", "type": "rich"}