{"provider_url": "https://acervo.praiagrande.sp.leg.br", "title": "13\u00b0 Sess\u00e3o Ordin\u00e1ria 27/04/2021", "html": "<p>Ocorreu na manh\u00e3 desta ter\u00e7a-feira, dia 27 de abril de 2021, a 13\u00b0 Sess\u00e3o Ordin\u00e1ria, que disp\u00f4s de 2 (duas) Proposituras em sua Ordem do Dia para a aprecia\u00e7\u00e3o e vota\u00e7\u00e3o dos Parlamentares, sendo ambas aprovadas em primeira discuss\u00e3o.</p>\r\n<p>Os Projetos aprovados em primeira discuss\u00e3o foram:</p>\r\n<p><a href=\"https://sapl.praiagrande.sp.leg.br/materia/9461\">Projeto de Lei n\u00ba 30 de 2021</a>, de autoria do Vereador Whelliton Augusto Silva, que disp\u00f5e sobre a divulga\u00e7\u00e3o, no site da Prefeitura Municipal da Est\u00e2ncia Balne\u00e1ria de Praia Grande, das Informa\u00e7\u00f5es referentes \u00e0s a\u00e7\u00f5es de vacina\u00e7\u00e3o contra a COVID-19 no Munic\u00edpio de Praia Grande.</p>\r\n<p><a href=\"https://sapl.praiagrande.sp.leg.br/materia/9458\">Projeto de Lei n\u00ba 27 de 2021</a>, de autoria do Vereador Emerson Camargo dos Santos, que ficam estabelecidas as Feiras Livres como \"atividades essenciais\" nos per\u00edodos de emerg\u00eancia ou de calamidade p\u00fablica no Munic\u00edpio de Praia Grande.</p>\r\n<p>Os projetos aprovados em primeira discuss\u00e3o voltar\u00e3o ao plen\u00e1rio na pr\u00f3xima sess\u00e3o, para segunda e final discuss\u00e3o, e ap\u00f3s isso, ser\u00e3o encaminhados para a san\u00e7\u00e3o do Executivo.</p>\r\n<p>As Sess\u00f5es ocorrem todas as ter\u00e7as-feiras, \u00e0 partir das 10 horas, e podem ser assistidas ao vivo na P\u00e1gina Oficial da C\u00e2mara no Facebook, (<a href=\"http://www.facebook.com/camarapg\">http://www.facebook.com/camarapg</a>).</p>\r\n<p>Ocorreu na manh\u00e3 desta ter\u00e7a-feira, dia 27 de abril de 2021, a 13\u00b0 Sess\u00e3o Ordin\u00e1ria, que disp\u00f4s de 2 (duas) Proposituras em sua Ordem do Dia para a aprecia\u00e7\u00e3o e vota\u00e7\u00e3o dos Parlamentares, sendo ambas aprovadas em primeira discuss\u00e3o.</p>\r\n<p>Os Projetos aprovados em primeira discuss\u00e3o foram:</p>\r\n<p><a href=\"https://sapl.praiagrande.sp.leg.br/materia/9461\">Projeto de Lei n\u00ba 30 de 2021</a>, de autoria do Vereador Whelliton Augusto Silva, que disp\u00f5e sobre a divulga\u00e7\u00e3o, no site da Prefeitura Municipal da Est\u00e2ncia Balne\u00e1ria de Praia Grande, das Informa\u00e7\u00f5es referentes \u00e0s a\u00e7\u00f5es de vacina\u00e7\u00e3o contra a COVID-19 no Munic\u00edpio de Praia Grande.</p>\r\n<p><a href=\"https://sapl.praiagrande.sp.leg.br/materia/9458\">Projeto de Lei n\u00ba 27 de 2021</a>, de autoria do Vereador Emerson Camargo dos Santos, que ficam estabelecidas as Feiras Livres como \"atividades essenciais\" nos per\u00edodos de emerg\u00eancia ou de calamidade p\u00fablica no Munic\u00edpio de Praia Grande.</p>\r\n<p>Os projetos aprovados em primeira discuss\u00e3o voltar\u00e3o ao plen\u00e1rio na pr\u00f3xima sess\u00e3o, para segunda e final discuss\u00e3o, e ap\u00f3s isso, ser\u00e3o encaminhados para a san\u00e7\u00e3o do Executivo.</p>\r\n<p>As Sess\u00f5es ocorrem todas as ter\u00e7as-feiras, \u00e0 partir das 10 horas, e podem ser assistidas ao vivo na P\u00e1gina Oficial da C\u00e2mara no Facebook, (<a href=\"http://www.facebook.com/camarapg\">http://www.facebook.com/camarapg</a>).</p>\r\n<p><a title=\"https://www.praiagrande.sp.leg.br/institucional/fotos/13deg-sessao-ordinaria/\" href=\"https://acervo.praiagrande.sp.leg.br/institucional/fotos/13deg-sessao-ordinaria/\" class=\"external-link\" target=\"_self\">\u00a0clique aqui para mais fotos da Sess\u00e3o</a></p>", "author_name": "", "version": "1.0", "author_url": "https://acervo.praiagrande.sp.leg.br/author/lais", "provider_name": "C\u00e2mara Municipal da Est\u00e2ncia Balne\u00e1ria de Praia Grande", "type": "rich"}