{"provider_url": "https://acervo.praiagrande.sp.leg.br", "title": "13\u00aa Sess\u00e3o Ordin\u00e1ria", "html": "<p>Foi realizado na data de hoje (28 de abril) a reuni\u00e3o semanal da C\u00e2mara Municipal de Praia Grande. A reuni\u00e3o contou em sua pauta da Ordem do Dia com 3 proposituras para a aprecia\u00e7\u00e3o e vota\u00e7\u00e3o dos Vereadores em Plen\u00e1rio, sendo 1 (um) aprovado em primeira discuss\u00e3o e 2 (dois) aprovados em discuss\u00e3o \u00fanica.</p>\r\n<p>Em discuss\u00e3o \u00fanica foi aprovado o <a href=\"https://sapl.praiagrande.sp.leg.br/materia/5727\">Requerimento n\u00ba 116 de 2020</a>, de autoria da Vereadora Janaina Ballaris que Requer seja enviado of\u00edcio \u00e0 superintendente do IPMPG, Regina Mainente, para que envie a esta Vereadora relat\u00f3rio detalhado com as despesas com viagens, di\u00e1rias e adiantamentos do IPMPG entre os anos de 2014 a 2020.</p>\r\n<p>Tamb\u00e9m foi aprovado em discuss\u00e3o \u00fanica o <a href=\"https://sapl.praiagrande.sp.leg.br/materia/5759\">Veto Total n\u00ba 1 de 2020</a>, de autoria do Executivo Municipal, ao Projeto de Lei 13/2020 que Altera a Lei n\u00ba 998, de 15 de dezembro de 1997, e acrescenta o par\u00e1grafo \u00fanico que institui o programa \"Amamenta\u00e7\u00e3o PG\".</p>\r\n<p>Em primeira discuss\u00e3o, foi aprovado o\u00a0<a href=\"https://sapl.praiagrande.sp.leg.br/materia/5797\">Projeto de Lei n\u00ba 22 de 2020</a>, tamb\u00e9m de autoria do Executivo Municipal que disp\u00f5e sobre autoriza\u00e7\u00e3o, no \u00e2mbito das finan\u00e7as p\u00fablicas, para desvincula\u00e7\u00e3o de receitas de fundos municipais e outras que especifica, visando o enfrentamento das condi\u00e7\u00f5es de crise geradas pela pandemia decorrente da COVID-19 (coronav\u00edrus) e d\u00e1 outras provid\u00eancias.\u00a0</p>\r\n<p>O projeto aprovado em primeira discuss\u00e3o voltar\u00e1 ao plen\u00e1rio na pr\u00f3xima sess\u00e3o, para segunda e final discuss\u00e3o, e ap\u00f3s isso, ser\u00e3o encaminhados para a san\u00e7\u00e3o do Executivo.</p>\r\n<p>As Sess\u00f5es ocorrem todas as ter\u00e7as-feiras, \u00e0 partir das 10 horas, e podem ser assistidas ao vivo na P\u00e1gina Oficial da C\u00e2mara no Facebook, (<a href=\"http://www.facebook.com/camarapg\">http://www.facebook.com/camarapg</a>).</p>\r\n<p><a class=\"external-link\" href=\"https://www.praiagrande.sp.leg.br/institucional/fotos/13a-sessao-ordinaria/\" target=\"_self\" title=\"https://www.praiagrande.sp.leg.br/institucional/fotos/13a-sessao-ordinaria/\">clique aqui para mais fotos da Sess\u00e3o\u00a0</a></p>", "author_name": "", "version": "1.0", "author_url": "https://acervo.praiagrande.sp.leg.br/author/lais", "provider_name": "C\u00e2mara Municipal da Est\u00e2ncia Balne\u00e1ria de Praia Grande", "type": "rich"}