{"provider_url": "https://acervo.praiagrande.sp.leg.br", "title": "Hist\u00f3ria", "html": "<h3>\u201cPr\u00e9dio da C\u00e2mara em constru\u00e7\u00e3o \u2013 1980\u201d</h3>\r\n<div><span><em><span class=\"paulo-14\">\u00a0<br />A Primeira Legislatura da C\u00e2mara Municipal de Praia Grande teve in\u00edcio no dia 01 de janeiro\u00a0de 1969. Nove vereadores compuseram o Legislativo da Cidade, presidido por Aristeu Luz, que foi seguido por Pablo Trevisan Perutich (1970) e Oswaldo Antonio Aranha (1972).</span></em></span><br /><br /><span><em><span class=\"paulo-14\">\u00a0Al\u00e9m deles, fizeram parte da Primeira Legislatura os vereadores: Cez\u00e1rio Reis Lima, Oswaldo Luiz Sanchez Toschi, Arnaldo Perticarati, Osmar Martinatti, Luiz dos Santos Reis e Waldemar Murano. Ainda assumiram os suplentes: El\u00edzio Z\u00e1ccaro, Antonio Figuer\u00f4a, Alberto Ferraro e Luiz Leite.</span></em></span><br /><br /><span><em><span class=\"paulo-14\">\u00a0Na \u00e9poca, a C\u00e2mara funcionava em pr\u00e9dio anexo ao da Prefeitura, na Pra\u00e7a 19 de Janeiro, Bairro Boqueir\u00e3o. Todos os parlamentares dividiam a mesma sala e havia um plen\u00e1rio para as sess\u00f5es ordin\u00e1rias.</span></em></span><br /><br /><span><em><span class=\"paulo-14\">\u00a0O Legislativo ganhou for\u00e7a e a Casa de Leis mudou para a Pra\u00e7a Vereador Vital Muniz, n\u00ba 1, onde funciona at\u00e9 os dias de hoje no dia 20 de mar\u00e7o de 1980. O Pal\u00e1cio Petr\u00f4nio Portella foi inaugurado pelo presidente da C\u00e2mara na \u00e9poca, Cez\u00e1rio Reis Lima, na gest\u00e3o do prefeito Dorivaldo Loria Junior, o Dozinho.</span></em></span><br /><br /><span><em><span class=\"paulo-14\">Com o crescimento no n\u00famero de vereadores e das atividades da C\u00e2mara Municipal, em 11 de dezembro de 1998, foi constru\u00eddo o Anexo Ulisses Guimar\u00e3es, tendo sua obra iniciada na gest\u00e3o do vereador e presidente Alexandre Evaristo Cunha, e inaugurada pelo ent\u00e3o presidente da C\u00e2mara Edson Reinaldo Neno Manzon, com o prefeito Ricardo Yamauti. O pr\u00e9dio ainda passou por uma reforma completa e foi reinaugurado em 2002, pelo presidente da C\u00e2mara, Esdras de Oliveira e Silva e o ent\u00e3o prefeito Alberto Pereira Mour\u00e3o.</span></em></span><br /><br /><span><em><span class=\"paulo-14\">O plen\u00e1rio da C\u00e2mara, denominado Marechal Humberto de Alencar Castelo Branco, desde sua inaugura\u00e7\u00e3o, ganhou novo nome. Em 2013, o Projeto de Resolu\u00e7\u00e3o da vereadora Janaina Ballaris, batizou a sala onde s\u00e3o realizadas as sess\u00f5es ordin\u00e1rias de Emancipador Oswaldo Toschi</span></em></span><br /><br /><span><em><span class=\"paulo-14\">Passados 20 anos, e em pleno desenvolvimento. Foi inaugurado em 22 de mar\u00e7o de 2018 o pr\u00e9dio anexo administrativo Jo\u00e3o Gon\u00e7alves, pelo presidente da C\u00e2mara Municipal Ednaldo dos Santos Passos o vereador Reco e prefeito Alberto Pereira Mour\u00e3o. O Pr\u00e9dio constru\u00eddo com uma estrutura moderna, tendo 8 (oito) gabinetes de Vereadores, compostos por 3 (tr\u00eas) salas cada, e dois banheiros, totalizando 24 novas salas ao pr\u00e9dio da C\u00e2mara Municipal. Al\u00e9m dos gabinetes, a obra contemplou reestrutura\u00e7\u00e3o e adapta\u00e7\u00e3o de gabinetes antigos, tamb\u00e9m a constru\u00e7\u00e3o de refeit\u00f3rio e adequa\u00e7\u00e3o \u00e0s novas normas dos bombeiros, bem como o revestimento com pastilhas de toda a parte exterior do edif\u00edcio, dando novo visual ao pr\u00e9dio da C\u00e2mara Municipal.</span></em></span></div>\r\n<div></div>\r\n<div><span><em><span class=\"paulo-14\">Atualmente a C\u00e2mara conta com 19 parlamentares. A C\u00e2mara j\u00e1 teve 19 membros durante quatro Legislaturas (de 1989 a 2003). De acordo com emenda \u00e0 Lei Org\u00e2nica, aprovada em 2010, haver\u00e1 aumento gradativo no n\u00famero de cadeiras, a cada Legislatura, de duas em duas, at\u00e9 alcan\u00e7ar 21 vagas, o m\u00e1ximo previsto pela Constitui\u00e7\u00e3o Federal, para munic\u00edpios com o porte de Praia Grande.</span></em></span></div>\r\n<div><span><em><span class=\"paulo-14\"><br /></span></em></span></div>\r\n<div><span><em><span class=\"paulo-14\"><br /></span></em></span></div>", "author_name": "", "version": "1.0", "author_url": "https://acervo.praiagrande.sp.leg.br/author/admin", "provider_name": "C\u00e2mara Municipal da Est\u00e2ncia Balne\u00e1ria de Praia Grande", "type": "rich"}