{"provider_url": "https://acervo.praiagrande.sp.leg.br", "title": "Escola do Legislativo", "html": "<p>\u00a0</p>\r\n<p><b>Criada pela </b>Resolu\u00e7\u00e3o 01/2019, a Escola do Legislativo tem o intuito de aproximar o Legislativo da Cidade de Praia Grande de sua popula\u00e7\u00e3o, bem como de inserir a pol\u00edtica nos Ensinos Fundamental e M\u00e9dio da cidade, podendo tamb\u00e9m promover parcerias com institui\u00e7\u00f5es de Ensino Superior, divulgando e aumentando assim a propaga\u00e7\u00e3o de informa\u00e7\u00f5es acerca do trabalho legislativo, fun\u00e7\u00e3o de vereadores e mat\u00e9rias correlatas.</p>\r\n<p>A Escola do Legislativo atua tamb\u00e9m no fortalecimento da cidadania, promovendo e oferecendo cursos, palestras e estudos relacionados ao Poder Legislativo, contribuindo para a capacita\u00e7\u00e3o de agentes pol\u00edticos , servidores p\u00fablicos e da sociedade civil em geral, sobre diversos temas de interesse pol\u00edtico, institucional e social</p>\r\n<p>\u00a0</p>\r\n<p>Maiores informa\u00e7\u00f5es atrav\u00e9s do e-mail <strong>escoladolegislativo@praiagrande.sp.leg.br</strong>.</p>\r\n<p>\u00a0</p>\r\n<h2>Pr\u00f3ximos Cursos da Escola do Legislativo</h2>\r\n<p>\u00a0</p>\r\n<h3>Curso de Libras - Linguagem Brasileira de Sinais</h3>\r\n<p>\u00a0</p>\r\n<p align=\"center\" style=\"text-align: left; \"><b><span><span><span>GRADE DAS AULAS DE LIBRAS</span></span></span></b></p>\r\n<table class=\"listing\">\r\n<tbody>\r\n<tr><th>\r\n<p align=\"center\"><b>DIA </b></p>\r\n</th><th>CONTE\u00daDO</th></tr>\r\n<tr>\r\n<td style=\"text-align: center; \"><b>---</b></td>\r\n<td>\r\n<p><b>CAP\u00cdTULO I \u2013 </b>Alfabeto Datilol\u00f3gico, Dia-Dia Da Pessoa Surda, Comunica\u00e7\u00e3o E Inclus\u00e3o, Como Referir-Se A Um Surdo, Lembra-Se?</p>\r\nAtividades.</td>\r\n</tr>\r\n<tr>\r\n<td style=\"text-align: center; \"><b>---</b></td>\r\n<td><b>CAP\u00cdTULO II \u2013 </b>Cumprimentos, Vocabul\u00e1rio, Geografia Espacial, Decifre E Ligue.</td>\r\n</tr>\r\n<tr>\r\n<td>\r\n<p align=\"center\"><b>---</b></p>\r\n</td>\r\n<td><b>CAP\u00cdTULO III- </b>Calend\u00e1rio, Vocabul\u00e1rio, Di\u00e1logos, Atividades Pr\u00e1ticas.</td>\r\n</tr>\r\n<tr>\r\n<td>\r\n<p align=\"center\"><b>---</b></p>\r\n</td>\r\n<td><b>CAP\u00cdTULO IV \u2013 </b>Fam\u00edlia, Vocabul\u00e1rio, Geografia Espacial: Fam\u00edlia.</td>\r\n</tr>\r\n<tr>\r\n<td>\r\n<p align=\"center\"><b>---</b></p>\r\n</td>\r\n<td>\r\n<p><b>CAP\u00cdTULO V \u2013 </b>Cores , Vocabul\u00e1rio<b>.</b></p>\r\n</td>\r\n</tr>\r\n<tr>\r\n<td>\r\n<p align=\"center\"><b>---</b></p>\r\n</td>\r\n<td><b>CAP\u00cdTULO VI- </b>Alimentos, Decifre E Ligue.</td>\r\n</tr>\r\n<tr>\r\n<td style=\"text-align: center; \"><b>---</b></td>\r\n<td>\r\n<p><b>CAP\u00cdTULO VII- </b>Natureza E Vestu\u00e1rio, Vocabul\u00e1rio, Geografia Espacial: Roupas, Decifre E Ligue.<b></b></p>\r\n</td>\r\n</tr>\r\n<tr>\r\n<td style=\"text-align: center; \"><b>---</b></td>\r\n<td>\r\n<p><b>CAP\u00cdTULO VIII- </b>Animais, Vocabul\u00e1rio.</p>\r\n<b>CAP\u00cdTULO VIII- </b>Estados, Pa\u00edses, Vocabul\u00e1rio, Texto:Viagem.</td>\r\n</tr>\r\n<tr>\r\n<td>\r\n<p align=\"center\"><b>---</b></p>\r\n</td>\r\n<td><b>CAP\u00cdTULO X \u2013 </b>Profiss\u00f5es, Vocabul\u00e1rio, Di\u00e1logo, Decifre E Ligue.</td>\r\n</tr>\r\n<tr>\r\n<td>\r\n<p align=\"center\"><b>---</b></p>\r\n</td>\r\n<td><b>CAP\u00cdTULO XI- </b>Meios De Transporte, Vocabul\u00e1rio, Surdocegueira, Teste.</td>\r\n</tr>\r\n<tr>\r\n<td>\r\n<p align=\"center\"><b>---</b></p>\r\n</td>\r\n<td>Revis\u00e3o</td>\r\n</tr>\r\n<tr>\r\n<td>\r\n<p align=\"center\"><b>---</b></p>\r\n</td>\r\n<td>Entrega de Certificados.</td>\r\n</tr>\r\n<tr>\r\n<td><b>Obs . </b></td>\r\n<td>\r\n<ul>\r\n<li>O conte\u00fado poder\u00e1 ser alterado conforme desenvolvimento da aprendizagem.</li>\r\n<li>Durante as aulas ser\u00e3o ensinados no\u00e7\u00f5es gramaticais da L\u00edngua de Sinais.</li>\r\n</ul>\r\n</td>\r\n</tr>\r\n</tbody>\r\n</table>\r\n<h2 style=\"text-align: left; \"><strong style=\"text-align: center; \"><br /></strong></h2>\r\n<h2 style=\"text-align: center; \"><strong style=\"text-align: center; \"><br /></strong></h2>\r\n<h2 style=\"text-align: center; \"><strong style=\"text-align: center; \"><br /></strong></h2>\r\n<h2 style=\"text-align: center; \"><strong style=\"text-align: center; \">Apostilas</strong></h2>\r\n<p>\u00a0</p>\r\n<p>\u00a0</p>\r\n<p style=\"text-align: center; \">\u00a0 \u00a0 \u00a0<a title=\"\" href=\"https://acervo.praiagrande.sp.leg.br/institucional/escola-do-legislativo-1/escola-do-legislativo-turma-da-cidadania.pdf\" class=\"internal-link\" target=\"_blank\"><img src=\"https://acervo.praiagrande.sp.leg.br/institucional/fotos/escola-do-legislativo-2/01-1.png/@@images/9791fbba-aeae-4eab-a1f8-ed6fe758f122.png\" alt=\"01.png\" class=\"image-inline\" title=\"01.png\" /></a>\u00a0 \u00a0 \u00a0 \u00a0 \u00a0 \u00a0 \u00a0 \u00a0 \u00a0 \u00a0\u00a0<a title=\"\" href=\"https://acervo.praiagrande.sp.leg.br/institucional/escola-do-legislativo-1/escola-do-legislativo-o-poder-e-nosso.pdf\" class=\"internal-link\" target=\"_blank\"><img src=\"https://acervo.praiagrande.sp.leg.br/institucional/fotos/escola-do-legislativo-2/01.png/@@images/6e62ea8b-870b-4317-b358-2b9b7f663c35.png\" alt=\"01.png\" class=\"image-inline\" title=\"01.png\" /></a></p>\r\n<p>\u00a0</p>\r\n<p>\u00a0</p>\r\n<p>\u00a0</p>\r\n<p><strong><br /></strong></p>\r\n<p style=\"text-align: center; \">\u00a0</p>\r\n<p>\u00a0</p>\r\n<p>\u00a0</p>", "author_name": "adm", "version": "1.0", "author_url": "https://acervo.praiagrande.sp.leg.br/author/adm", "provider_name": "C\u00e2mara Municipal da Est\u00e2ncia Balne\u00e1ria de Praia Grande", "type": "rich"}